{"id":5864,"date":"2021-09-15T14:42:15","date_gmt":"2021-09-15T12:42:15","guid":{"rendered":"https:\/\/www.poradenstvikhk.cz\/karierove\/?p=5864"},"modified":"2024-08-30T21:36:25","modified_gmt":"2024-08-30T19:36:25","slug":"karierko-na-morave-od-vzdelani-k-praxi","status":"publish","type":"post","link":"https:\/\/www.poradenstvikhk.cz\/karierove\/karierko-na-morave-od-vzdelani-k-praxi\/","title":{"rendered":"Kari\u00e9rko na Morav\u011b \u2013 Od vzd\u011bl\u00e1n\u00ed k praxi"},"content":{"rendered":"<p style=\"text-align: justify;\">\u0160koly pot\u0159ebuj\u00ed praxi. A praxe pot\u0159ebuje \u0161koly. Jak vylep\u0161it st\u00e1vaj\u00edc\u00ed syst\u00e9m odborn\u00fdch prax\u00ed tak, aby co nejl\u00e9pe poslou\u017eil nejen \u0161kol\u00e1m a firm\u00e1m, ale aby p\u0159edev\u0161\u00edm vychov\u00e1val a vzd\u011bl\u00e1val nad\u011bjn\u00e9 mlad\u00e9 lidi s vyhl\u00eddkami na spokojen\u00fd pracovn\u00ed \u017eivot s dobr\u00fdm uplatn\u011bn\u00edm? To je hlavn\u00edm t\u00e9matem odborn\u00e9 konference, na kterou v\u00e1s zvou kolegov\u00e9 z JCMM Brno.<\/p>\n<p>Program konference a odkaz pro p\u0159ihl\u00e1\u0161en\u00ed najdete <a href=\"https:\/\/vzdelavanivsem.cz\/karierko-na-morave-od-vzdelani-k-praxi?fbclid=IwAR3ZeAeG7CyTFPJVmncvZ5F-Dt5VMmVd48MMsK0PdJOJOOtTWQlaVx5t2A8\">zde.<\/a><\/p>\n<p><img loading=\"lazy\" decoding=\"async\" src=\"https:\/\/www.poradenstvikhk.cz\/karierove\/wp-content\/uploads\/2021\/09\/JCMM_logo-3.jpg\" alt=\"\" width=\"250\" height=\"125\" class=\"alignleft size-full wp-image-5871\" \/><\/p>\n","protected":false},"excerpt":{"rendered":"<p>\u0160koly pot\u0159ebuj\u00ed praxi. A praxe pot\u0159ebuje \u0161koly. Jak vylep\u0161it st\u00e1vaj\u00edc\u00ed syst\u00e9m odborn\u00fdch prax\u00ed tak, aby co nejl\u00e9pe poslou\u017eil nejen \u0161kol\u00e1m a firm\u00e1m, ale aby p\u0159edev\u0161\u00edm vychov\u00e1val a vzd\u011bl\u00e1val nad\u011bjn\u00e9 mlad\u00e9 lidi s vyhl\u00eddkami na spokojen\u00fd pracovn\u00ed \u017eivot s dobr\u00fdm uplatn\u011bn\u00edm? To je hlavn\u00edm t\u00e9matem odborn\u00e9 konference, na kterou v\u00e1s zvou kolegov\u00e9 z JCMM Brno. Program [&hellip;]<\/p>\n","protected":false},"author":4,"featured_media":8620,"comment_status":"open","ping_status":"open","sticky":false,"template":"","format":"standard","meta":{"footnotes":""},"categories":[29],"tags":[],"_links":{"self":[{"href":"https:\/\/www.poradenstvikhk.cz\/karierove\/wp-json\/wp\/v2\/posts\/5864"}],"collection":[{"href":"https:\/\/www.poradenstvikhk.cz\/karierove\/wp-json\/wp\/v2\/posts"}],"about":[{"href":"https:\/\/www.poradenstvikhk.cz\/karierove\/wp-json\/wp\/v2\/types\/post"}],"author":[{"embeddable":true,"href":"https:\/\/www.poradenstvikhk.cz\/karierove\/wp-json\/wp\/v2\/users\/4"}],"replies":[{"embeddable":true,"href":"https:\/\/www.poradenstvikhk.cz\/karierove\/wp-json\/wp\/v2\/comments?post=5864"}],"version-history":[{"count":1,"href":"https:\/\/www.poradenstvikhk.cz\/karierove\/wp-json\/wp\/v2\/posts\/5864\/revisions"}],"predecessor-version":[{"id":8448,"href":"https:\/\/www.poradenstvikhk.cz\/karierove\/wp-json\/wp\/v2\/posts\/5864\/revisions\/8448"}],"wp:featuredmedia":[{"embeddable":true,"href":"https:\/\/www.poradenstvikhk.cz\/karierove\/wp-json\/wp\/v2\/media\/8620"}],"wp:attachment":[{"href":"https:\/\/www.poradenstvikhk.cz\/karierove\/wp-json\/wp\/v2\/media?parent=5864"}],"wp:term":[{"taxonomy":"category","embeddable":true,"href":"https:\/\/www.poradenstvikhk.cz\/karierove\/wp-json\/wp\/v2\/categories?post=5864"},{"taxonomy":"post_tag","embeddable":true,"href":"https:\/\/www.poradenstvikhk.cz\/karierove\/wp-json\/wp\/v2\/tags?post=5864"}],"curies":[{"name":"wp","href":"https:\/\/api.w.org\/{rel}","templated":true}]}}