{"id":7193,"date":"2023-05-07T20:06:26","date_gmt":"2023-05-07T18:06:26","guid":{"rendered":"https:\/\/www.poradenstvikhk.cz\/karierove\/?p=7193"},"modified":"2023-05-07T20:06:26","modified_gmt":"2023-05-07T18:06:26","slug":"15-rocnik-narodni-ceny-karieroveho-poradenstvi","status":"publish","type":"post","link":"https:\/\/www.poradenstvikhk.cz\/karierove\/15-rocnik-narodni-ceny-karieroveho-poradenstvi\/","title":{"rendered":"15. ro\u010dn\u00edk N\u00e1rodn\u00ed ceny kari\u00e9rov\u00e9ho poradenstv\u00ed"},"content":{"rendered":"<p>Evropsk\u00e1 s\u00ed\u0165 pro podporu poradenstv\u00ed Euroguidance vyhl\u00e1sila ji\u017e <strong>15. ro\u010dn\u00edk N\u00e1rodn\u00ed ceny kari\u00e9rov\u00e9ho poradenstv\u00ed<\/strong>.<\/p>\n<p>C\u00edlem sout\u011b\u017ee je podpo\u0159it rozvoj kari\u00e9rov\u00e9ho poradenstv\u00ed a vzd\u011bl\u00e1v\u00e1n\u00ed, sb\u00edrat p\u0159\u00edklady dobr\u00e9 praxe a inspirovat kari\u00e9rov\u00e9 poradce a u\u010ditele v\u202f\u010cesk\u00e9 republice i v\u202fEvrop\u011b. Organizace i jednotlivci se mohou <strong>p\u0159ihl\u00e1sit do 30. \u010dervna 2023<\/strong>.<\/p>\n<p>Prezentace ocen\u011bn\u00fdch a p\u0159ed\u00e1n\u00ed cen prob\u011bhne na konferenci ke kari\u00e9rov\u00e9mu poradenstv\u00ed 19. \u0159\u00edjna 2023. <\/p>\n<p>Bli\u017e\u0161\u00ed informace o p\u0159ihl\u00e1\u0161en\u00ed a podrobnosti o podm\u00ednk\u00e1ch \u00fa\u010dasti v sout\u011b\u017ei najdete <a href=\"https:\/\/www.euroguidance.cz\/novinky\/2023\/nkcp2023.html\"><strong>zde<\/strong><\/a>.<\/p>\n","protected":false},"excerpt":{"rendered":"<p>Evropsk\u00e1 s\u00ed\u0165 pro podporu poradenstv\u00ed Euroguidance vyhl\u00e1sila ji\u017e 15. ro\u010dn\u00edk N\u00e1rodn\u00ed ceny kari\u00e9rov\u00e9ho poradenstv\u00ed. C\u00edlem sout\u011b\u017ee je podpo\u0159it rozvoj kari\u00e9rov\u00e9ho poradenstv\u00ed a vzd\u011bl\u00e1v\u00e1n\u00ed, sb\u00edrat p\u0159\u00edklady dobr\u00e9 praxe a inspirovat kari\u00e9rov\u00e9 poradce a u\u010ditele v\u202f\u010cesk\u00e9 republice i v\u202fEvrop\u011b. Organizace i jednotlivci se mohou p\u0159ihl\u00e1sit do 30. \u010dervna 2023. Prezentace ocen\u011bn\u00fdch a p\u0159ed\u00e1n\u00ed cen prob\u011bhne na konferenci [&hellip;]<\/p>\n","protected":false},"author":2,"featured_media":7196,"comment_status":"open","ping_status":"open","sticky":false,"template":"","format":"standard","meta":{"footnotes":""},"categories":[29],"tags":[],"_links":{"self":[{"href":"https:\/\/www.poradenstvikhk.cz\/karierove\/wp-json\/wp\/v2\/posts\/7193"}],"collection":[{"href":"https:\/\/www.poradenstvikhk.cz\/karierove\/wp-json\/wp\/v2\/posts"}],"about":[{"href":"https:\/\/www.poradenstvikhk.cz\/karierove\/wp-json\/wp\/v2\/types\/post"}],"author":[{"embeddable":true,"href":"https:\/\/www.poradenstvikhk.cz\/karierove\/wp-json\/wp\/v2\/users\/2"}],"replies":[{"embeddable":true,"href":"https:\/\/www.poradenstvikhk.cz\/karierove\/wp-json\/wp\/v2\/comments?post=7193"}],"version-history":[{"count":3,"href":"https:\/\/www.poradenstvikhk.cz\/karierove\/wp-json\/wp\/v2\/posts\/7193\/revisions"}],"predecessor-version":[{"id":7212,"href":"https:\/\/www.poradenstvikhk.cz\/karierove\/wp-json\/wp\/v2\/posts\/7193\/revisions\/7212"}],"wp:featuredmedia":[{"embeddable":true,"href":"https:\/\/www.poradenstvikhk.cz\/karierove\/wp-json\/wp\/v2\/media\/7196"}],"wp:attachment":[{"href":"https:\/\/www.poradenstvikhk.cz\/karierove\/wp-json\/wp\/v2\/media?parent=7193"}],"wp:term":[{"taxonomy":"category","embeddable":true,"href":"https:\/\/www.poradenstvikhk.cz\/karierove\/wp-json\/wp\/v2\/categories?post=7193"},{"taxonomy":"post_tag","embeddable":true,"href":"https:\/\/www.poradenstvikhk.cz\/karierove\/wp-json\/wp\/v2\/tags?post=7193"}],"curies":[{"name":"wp","href":"https:\/\/api.w.org\/{rel}","templated":true}]}}