{"id":7336,"date":"2023-06-26T09:10:58","date_gmt":"2023-06-26T07:10:58","guid":{"rendered":"https:\/\/www.poradenstvikhk.cz\/karierove\/?p=7336"},"modified":"2024-07-31T10:18:22","modified_gmt":"2024-07-31T08:18:22","slug":"projektovy-den-bezny-pracovni-den-v-ruznych-profesich-2","status":"publish","type":"post","link":"https:\/\/www.poradenstvikhk.cz\/karierove\/projektovy-den-bezny-pracovni-den-v-ruznych-profesich-2\/","title":{"rendered":"\u201eB\u011b\u017en\u00fd pracovn\u00ed den v r\u016fzn\u00fdch profes\u00edch\u201c"},"content":{"rendered":"<p>&nbsp;<\/p>\n<p><strong>C\u00edlov\u00e1 skupina: <\/strong>modifikovateln\u00e9 pro v\u0161echny v\u011bkov\u00e9 kategorie (zde 8. ro\u010dn\u00edk Z\u0160).<\/p>\n<p><strong>C\u00edl:<\/strong> \u017d\u00e1ci z\u00edskaj\u00ed n\u00e1hled do pr\u00e1ce manu\u00e1ln\u00ed, du\u0161evn\u00ed, pr\u00e1ce s \u010d\u00edsly, s lidmi. Budou m\u00edt p\u0159edstavu o pot\u0159eb\u011b z\u00edsk\u00e1n\u00ed znalost\u00ed k dan\u00e9 profesi. Dok\u00e1\u017e\u00ed konfrontovat sv\u00e9 dovednosti s t\u011bmi, kterou jsou pro danou profesi pot\u0159ebn\u00e9 a posoudit, zda se mohou n\u011bjak\u00fdm zp\u016fsobem posunout.<\/p>\n<p><strong>\u010casov\u00e1 dotace:<\/strong> 90 min.<br \/>\n<strong>Pom\u016fcky a zdroje:<\/strong> Notebooky, prom\u00edtac\u00ed pl\u00e1tno, dataprojektor, psac\u00ed pot\u0159eby, kalkula\u010dky, pracovn\u00ed listy s ot\u00e1zkami pro prezentuj\u00edc\u00ed.<\/p>\n<p>&nbsp;<\/p>\n<p><strong>\u00davod:<\/strong><\/p>\n<p style=\"text-align: justify;\">\u017d\u00e1ci jsou sezn\u00e1meni s programem, zejm\u00e9na s rozm\u00edst\u011bn\u00edm a s organizac\u00ed p\u0159esunu mezi jednotliv\u00fdmi stanovi\u0161ti. N\u00e1sleduje rozd\u011blen\u00ed do sm\u00ed\u0161en\u00fdch skupin podle po\u010dtu prezentuj\u00edc\u00edch (3 skupiny).<\/p>\n<p><strong>Hlavn\u00ed \u010dinnosti:<\/strong><\/p>\n<p style=\"text-align: justify;\">Jednotliv\u00e1 stanovi\u0161t\u011b si \u0159\u00edd\u00ed ka\u017ed\u00fd prezentuj\u00edc\u00ed. Maj\u00ed p\u0159ipraveny uk\u00e1zkov\u00e9 pom\u016fcky, materi\u00e1ly; \u00fakoly a \u010dinnosti, kter\u00e9 jsou pro danou profesi specifick\u00e9; informace t\u00fdkaj\u00edc\u00ed se dan\u00e9 profese (b\u011b\u017en\u00e9 i osobit\u00e9 pro dan\u00e9 povol\u00e1n\u00ed). Prezentuj\u00edc\u00ed se zam\u011b\u0159uj\u00ed na sv\u00e9 povol\u00e1n\u00ed a co nejjasn\u011bj\u0161\u00ed p\u0159ibl\u00ed\u017een\u00ed \u017e\u00e1k\u016fm.<br \/>\nPsycholog \u2013 rozhovor, sezn\u00e1men\u00ed s pracovn\u00ed n\u00e1pln\u00ed, p\u0159edpoklady pro v\u00fdkon pr\u00e1ce, \u2026 .<br \/>\nPersonalista \u2013 rozhovor, sezn\u00e1men\u00ed s pracovn\u00ed n\u00e1pln\u00ed, p\u0159edpoklady pro v\u00fdkon pr\u00e1ce, klady a p\u0159ednosti, kter\u00e9 jsou u zam\u011bstnance \u017e\u00e1d\u00e1ny, stinn\u00e9 str\u00e1nky zam\u011bstn\u00e1n\u00ed, \u2026 .<br \/>\nIT program\u00e1tor \u2013 vlastn\u00ed zkou\u0161en\u00ed programov\u00e1n\u00ed \u017e\u00e1k\u016f, po\u017eadavky na zam\u011bstnance, pot\u0159eby vzd\u011bl\u00e1n\u00ed, dovednost\u00ed, znalost\u00ed, \u2026 .<br \/>\n\u017d\u00e1ci se dopt\u00e1vaj\u00ed, zkou\u0161\u00ed si jednoduch\u00e9 \u010dinnosti, kter\u00e9 spadaj\u00ed do t\u00e9to profese, zji\u0161\u0165uj\u00ed kompetence pro v\u00fdkon t\u00e9to profese a porovn\u00e1vaj\u00ed s vlastn\u00edmi, kter\u00e9 v tuto dobu v sob\u011b maj\u00ed, vypl\u0148uj\u00ed pracovn\u00ed list.<\/p>\n<p><strong>Z\u00e1v\u011br:<\/strong><\/p>\n<p style=\"text-align: justify;\">\u017d\u00e1ci si odn\u00e1\u0161\u00ed informa\u010dn\u00ed materi\u00e1ly pro sv\u00e9 vlastn\u00ed rozhodov\u00e1n\u00ed a posuzov\u00e1n\u00ed mezi povol\u00e1n\u00edm, kter\u00e9 by si do \u017eivota cht\u011bli vybrat.<br \/>\nPropustky: \u017d\u00e1ci nap\u00ed\u0161\u00ed, kterou pr\u00e1ci z prezentovan\u00fdch by byli ochotni vykon\u00e1vat a pro\u010d nebo kterou pr\u00e1ci z prezentovan\u00fdch by nebyli ochotni vykon\u00e1vat a pro\u010d.<\/p>\n<p>&nbsp;<\/p>\n<hr align=\"centr\" noshade=\"noshade\" size=\"1\" width=\"500\" \/>\n<p><strong>Reflexe o\u010dima pedagog\u016f:<\/strong><\/p>\n<p style=\"text-align: justify;\">Stejn\u011b jako v lo\u0148sk\u00e9m roce bylo n\u00e1ro\u010dn\u00e9 naj\u00edt spolupracuj\u00edc\u00ed z \u0159ad zam\u011bstnanc\u016f. Jeliko\u017e byla ale pouze 1 t\u0159\u00edda, posta\u010dil n\u00e1m men\u0161\u00ed po\u010det dobrovoln\u00edk\u016f. I kdy\u017e jsem oslovila n\u011bkolik \u0159emesln\u00edk\u016f, jev\u00ed se tento model nahl\u00e9dnut\u00ed do pr\u00e1ce dosp\u011bl\u00fdch jako velmi zat\u011b\u017euj\u00edc\u00ed, pro n\u011b neefektivn\u00ed, nelukrativn\u00ed a obt\u011b\u017euj\u00edc\u00ed.<br \/>\nV lo\u0148sk\u00e9m roce jsem zva\u017eovala, zda byla vhodn\u011b zvolena c\u00edlov\u00e1 skupina \u017e\u00e1k\u016f. Po leto\u0161n\u00edm ro\u010dn\u00edku projektov\u00e9ho dne vn\u00edm\u00e1m, \u017ee je to dobr\u00e1 volba. D\u011bti u\u017e jsou tak n\u011bjak nakro\u010deny t\u00edmto sm\u011brem a vn\u00edmala jsem jejich leto\u0161n\u00ed akci jako p\u0159\u00ednosnou, smysluplnou a na m\u00edst\u011b.<br \/>\n\u017d\u00e1ci se sv\u011b\u0159ili, \u017ee n\u011bkte\u0159\u00ed v\u016fbec netu\u0161ili, \u017ee existuje n\u011bjak\u00e1 profese \u201epersonalista\u201c. N\u00e1pl\u0148 pr\u00e1ce tohoto zam\u011bstnance byla nov\u00fdm impulsem nad p\u0159em\u00fd\u0161len\u00edm o sv\u00fdch mo\u017enostech a schopnostech.<br \/>\nKdy\u017e \u017e\u00e1ci hovo\u0159ili o pr\u00e1ci psychologa, napadaly je my\u0161lenky, \u017ee se jedn\u00e1 o velmi nudn\u00e9 povol\u00e1n\u00ed. Na druhou stranu pochopili, \u017ee mus\u00ed b\u00fdt \u010dlov\u011bk dostate\u010dn\u011b empatick\u00fd a vnit\u0159n\u011b siln\u00fd.<br \/>\nInformace ze sv\u011bta IT byly p\u0159edstav\u00e1m, kter\u00e9 o tomto typu pr\u00e1ce \u017e\u00e1ci m\u011bli, sp\u00ed\u0161e vzd\u00e1len\u00e9. Pot\u0159eba zna\u010dn\u00fdch znalost\u00ed specifick\u00fdch pojm\u016f v ciz\u00edch jazyc\u00edch, spolupr\u00e1ce s kolegy z r\u016fzn\u00fdch kout\u016f sv\u011bta pomoc\u00ed videokonferenc\u00ed a \u010dasov\u00e1 flexibilita, komunika\u010dn\u00ed dovednosti pro \u0159e\u0161en\u00ed s klienty a chv\u00edlemi mraven\u010d\u00ed pr\u00e1ce s nutnost\u00ed velk\u00e9 trp\u011blivosti \u2013 to je pouze \u010d\u00e1st z v\u00fd\u010dtu toho, co v\u0161e program\u00e1tor ve sv\u00e9m denn\u00edm \u017eivot\u011b \u0159e\u0161\u00ed.<br \/>\nDosp\u011bl\u00ed spolupracovn\u00edci d\u00e1vali zp\u011btnou vazbu pozitivn\u00ed, d\u011bti pr\u00fd byly hodn\u00e9, sp\u00ed\u0161e zak\u0159iknut\u00e9 a ve v\u011bt\u0161\u00ed m\u00ed\u0159e se projevovali chlapci. Po chvilce se osm\u011blili a zvl\u00e1dli komunikovat.<br \/>\n<strong>Siln\u00e9 str\u00e1nky:<\/strong> Celkov\u00e1 \u00farove\u0148 projektov\u00e9ho dne se mi jev\u00ed jako velmi dobr\u00e1. P\u0159edstavuj\u00edc\u00ed byli p\u0159ipraveni a \u017e\u00e1k\u016fm se v\u011bnovali. Sna\u017eili se co nejv\u00edce p\u0159ibl\u00ed\u017eit jejich pracovn\u00ed n\u00e1pl\u0148. Jeliko\u017e jsem v\u0161e \u0159e\u0161ila sama, byla jsem za v\u0161e sama zodpov\u011bdn\u00e1, v\u011bd\u011bla jsem, co kde a jak \u2013 nemusela jsem t\u0159\u00ed\u0161tit \u00fakoly, odpadly komunika\u010dn\u00ed sch\u016fzky. Po lo\u0148sk\u00e9 zku\u0161enosti u\u017e byly n\u011bkter\u00e9 aktivity jednodu\u0161\u0161\u00ed.<br \/>\n<strong>Slab\u00e9 str\u00e1nky:<\/strong> \u0160kola nem\u016f\u017ee nab\u00eddnout za tuto slu\u017ebu pracovn\u00edk\u016fm n\u011bjakou kompenzaci jejich vlo\u017een\u00e9ho \u010dasu, pr\u00e1ce, my\u0161lenek, \u00fasil\u00ed. Koncept \u2013 pracovn\u00edci v dopoledn\u00edm \u010dase do \u0161koly? Pot\u0159eba dosp\u011bl\u00fdch dohl\u00ed\u017eej\u00edc\u00edch ve v\u011bt\u0161\u00edm po\u010dtu z d\u016fvod\u016f po\u010dtu skupin v jenom \u010dase.<br \/>\n<strong>N\u00e1m\u011bty pro zlep\u0161en\u00ed:<\/strong> Mo\u017en\u00e1 tyto star\u0161\u00ed \u017e\u00e1ky l\u00e9pe p\u0159ipravit? Informovat o v\u00edce povol\u00e1n\u00edch? Vyzkou\u0161et si v p\u0159edchoz\u00ed hodin\u011b n\u011bjak\u00fd model, d\u00e1t v\u00edce n\u00e1m\u011bt\u016f pro ot\u00e1zky? Pop\u0159em\u00fd\u0161let nad jin\u00fdm modelem nahl\u00e9dnut\u00ed do sv\u011bta profes\u00ed?<\/p>\n","protected":false},"excerpt":{"rendered":"<p>&nbsp; C\u00edlov\u00e1 skupina: modifikovateln\u00e9 pro v\u0161echny v\u011bkov\u00e9 kategorie (zde 8. ro\u010dn\u00edk Z\u0160). C\u00edl: \u017d\u00e1ci z\u00edskaj\u00ed n\u00e1hled do pr\u00e1ce manu\u00e1ln\u00ed, du\u0161evn\u00ed, pr\u00e1ce s \u010d\u00edsly, s lidmi. Budou m\u00edt p\u0159edstavu o pot\u0159eb\u011b z\u00edsk\u00e1n\u00ed znalost\u00ed k dan\u00e9 profesi. Dok\u00e1\u017e\u00ed konfrontovat sv\u00e9 dovednosti s t\u011bmi, kterou jsou pro danou profesi pot\u0159ebn\u00e9 a posoudit, zda se mohou n\u011bjak\u00fdm zp\u016fsobem posunout. [&hellip;]<\/p>\n","protected":false},"author":2,"featured_media":7401,"comment_status":"open","ping_status":"open","sticky":false,"template":"","format":"standard","meta":{"footnotes":""},"categories":[40],"tags":[],"_links":{"self":[{"href":"https:\/\/www.poradenstvikhk.cz\/karierove\/wp-json\/wp\/v2\/posts\/7336"}],"collection":[{"href":"https:\/\/www.poradenstvikhk.cz\/karierove\/wp-json\/wp\/v2\/posts"}],"about":[{"href":"https:\/\/www.poradenstvikhk.cz\/karierove\/wp-json\/wp\/v2\/types\/post"}],"author":[{"embeddable":true,"href":"https:\/\/www.poradenstvikhk.cz\/karierove\/wp-json\/wp\/v2\/users\/2"}],"replies":[{"embeddable":true,"href":"https:\/\/www.poradenstvikhk.cz\/karierove\/wp-json\/wp\/v2\/comments?post=7336"}],"version-history":[{"count":5,"href":"https:\/\/www.poradenstvikhk.cz\/karierove\/wp-json\/wp\/v2\/posts\/7336\/revisions"}],"predecessor-version":[{"id":8394,"href":"https:\/\/www.poradenstvikhk.cz\/karierove\/wp-json\/wp\/v2\/posts\/7336\/revisions\/8394"}],"wp:featuredmedia":[{"embeddable":true,"href":"https:\/\/www.poradenstvikhk.cz\/karierove\/wp-json\/wp\/v2\/media\/7401"}],"wp:attachment":[{"href":"https:\/\/www.poradenstvikhk.cz\/karierove\/wp-json\/wp\/v2\/media?parent=7336"}],"wp:term":[{"taxonomy":"category","embeddable":true,"href":"https:\/\/www.poradenstvikhk.cz\/karierove\/wp-json\/wp\/v2\/categories?post=7336"},{"taxonomy":"post_tag","embeddable":true,"href":"https:\/\/www.poradenstvikhk.cz\/karierove\/wp-json\/wp\/v2\/tags?post=7336"}],"curies":[{"name":"wp","href":"https:\/\/api.w.org\/{rel}","templated":true}]}}