{"id":7528,"date":"2023-09-08T14:09:00","date_gmt":"2023-09-08T12:09:00","guid":{"rendered":"https:\/\/www.poradenstvikhk.cz\/karierove\/?p=7528"},"modified":"2024-08-30T16:30:48","modified_gmt":"2024-08-30T14:30:48","slug":"webinar-nove-vyzvy-pro-karierove-poradenstvi","status":"publish","type":"post","link":"https:\/\/www.poradenstvikhk.cz\/karierove\/webinar-nove-vyzvy-pro-karierove-poradenstvi\/","title":{"rendered":"Webin\u00e1\u0159: Nov\u00e9 v\u00fdzvy pro kari\u00e9rov\u00e9 poradenstv\u00ed"},"content":{"rendered":"<p style=\"text-align: justify;\">Centrum Euroguidance zahajuje s nov\u00fdm \u0161koln\u00edm rokem dal\u0161\u00ed s\u00e9rii sv\u00fdch pravideln\u00fdch webin\u00e1\u0159\u016f (nejen) pro kari\u00e9rov\u00e9 poradce. Tentokr\u00e1t v\u00e1s zve 20. z\u00e1\u0159\u00ed od 15.00 do 17.00 hodin na webin\u00e1\u0159 na t\u00e9ma <strong>&#8220;Nov\u00e9 v\u00fdzvy pro kari\u00e9rov\u00e9 poradenstv\u00ed&#8221;<\/strong>, kter\u00fd vych\u00e1z\u00ed z poznatk\u016f z mezin\u00e1rodn\u00ed konference IAEVG v Haagu &#8220;Nov\u00e9 v\u00fdzvy pro kari\u00e9rov\u00e9 poradenstv\u00ed&#8221; a sezn\u00e1m\u00ed v\u00e1s s nov\u00fdmi poznatky a trendy z mezin\u00e1rodn\u00edho prost\u0159ed\u00ed. Lektorkami jsou Silvie P\u00fdchov\u00e1 a Martina N\u011bmcov\u00e1.<\/p>\n<p>Podrobnosti o webin\u00e1\u0159i, medailonky lektorek a p\u0159ihl\u00e1\u0161ku najdete p\u0159\u00edmo na str\u00e1nk\u00e1ch <a href=\"https:\/\/www.euroguidance.cz\/novinky\/2023\/webinar-iaevg.html\">Euroguidance<\/a>.<\/p>\n<p>Dal\u0161\u00ed ji\u017e realizovan\u00e9 webin\u00e1\u0159e m\u016f\u017eete zhl\u00e9dnout ze z\u00e1znam\u016f v na\u0161\u00ed rubrice <a href=\"https:\/\/www.poradenstvikhk.cz\/karierove\/pro-skolni-karierove-poradce\/dalsi-vzdelavani\/\">\u201eDal\u0161\u00ed vzd\u011bl\u00e1v\u00e1n\u00ed\u201c<\/a>.<\/p>\n","protected":false},"excerpt":{"rendered":"<p>Centrum Euroguidance zahajuje s nov\u00fdm \u0161koln\u00edm rokem dal\u0161\u00ed s\u00e9rii sv\u00fdch pravideln\u00fdch webin\u00e1\u0159\u016f (nejen) pro kari\u00e9rov\u00e9 poradce. Tentokr\u00e1t v\u00e1s zve 20. z\u00e1\u0159\u00ed od 15.00 do 17.00 hodin na webin\u00e1\u0159 na t\u00e9ma &#8220;Nov\u00e9 v\u00fdzvy pro kari\u00e9rov\u00e9 poradenstv\u00ed&#8221;, kter\u00fd vych\u00e1z\u00ed z poznatk\u016f z mezin\u00e1rodn\u00ed konference IAEVG v Haagu &#8220;Nov\u00e9 v\u00fdzvy pro kari\u00e9rov\u00e9 poradenstv\u00ed&#8221; a sezn\u00e1m\u00ed v\u00e1s s nov\u00fdmi [&hellip;]<\/p>\n","protected":false},"author":2,"featured_media":8494,"comment_status":"open","ping_status":"open","sticky":false,"template":"","format":"standard","meta":{"footnotes":""},"categories":[29],"tags":[],"_links":{"self":[{"href":"https:\/\/www.poradenstvikhk.cz\/karierove\/wp-json\/wp\/v2\/posts\/7528"}],"collection":[{"href":"https:\/\/www.poradenstvikhk.cz\/karierove\/wp-json\/wp\/v2\/posts"}],"about":[{"href":"https:\/\/www.poradenstvikhk.cz\/karierove\/wp-json\/wp\/v2\/types\/post"}],"author":[{"embeddable":true,"href":"https:\/\/www.poradenstvikhk.cz\/karierove\/wp-json\/wp\/v2\/users\/2"}],"replies":[{"embeddable":true,"href":"https:\/\/www.poradenstvikhk.cz\/karierove\/wp-json\/wp\/v2\/comments?post=7528"}],"version-history":[{"count":5,"href":"https:\/\/www.poradenstvikhk.cz\/karierove\/wp-json\/wp\/v2\/posts\/7528\/revisions"}],"predecessor-version":[{"id":7533,"href":"https:\/\/www.poradenstvikhk.cz\/karierove\/wp-json\/wp\/v2\/posts\/7528\/revisions\/7533"}],"wp:featuredmedia":[{"embeddable":true,"href":"https:\/\/www.poradenstvikhk.cz\/karierove\/wp-json\/wp\/v2\/media\/8494"}],"wp:attachment":[{"href":"https:\/\/www.poradenstvikhk.cz\/karierove\/wp-json\/wp\/v2\/media?parent=7528"}],"wp:term":[{"taxonomy":"category","embeddable":true,"href":"https:\/\/www.poradenstvikhk.cz\/karierove\/wp-json\/wp\/v2\/categories?post=7528"},{"taxonomy":"post_tag","embeddable":true,"href":"https:\/\/www.poradenstvikhk.cz\/karierove\/wp-json\/wp\/v2\/tags?post=7528"}],"curies":[{"name":"wp","href":"https:\/\/api.w.org\/{rel}","templated":true}]}}