{"id":7670,"date":"2023-10-30T19:44:51","date_gmt":"2023-10-30T18:44:51","guid":{"rendered":"https:\/\/www.poradenstvikhk.cz\/karierove\/?p=7670"},"modified":"2024-08-30T16:03:49","modified_gmt":"2024-08-30T14:03:49","slug":"oceneni-v-narodni-cene-karieroveho-poradenstvi-2023","status":"publish","type":"post","link":"https:\/\/www.poradenstvikhk.cz\/karierove\/oceneni-v-narodni-cene-karieroveho-poradenstvi-2023\/","title":{"rendered":"Ocen\u011bn\u00ed v N\u00e1rodn\u00ed cen\u011b kari\u00e9rov\u00e9ho poradenstv\u00ed 2023"},"content":{"rendered":"<p style=\"text-align: justify;\">Centrum Euroguidance, N\u00e1rodn\u00ed pedagogick\u00fd institut \u010cR, <strong>ocenilo zvl\u00e1\u0161tn\u00edm uzn\u00e1n\u00edm N\u00e1rodn\u00ed ceny kari\u00e9rov\u00e9ho poradenstv\u00ed 2023<\/strong> Pedagogicko-psychologickou poradnu a Speci\u00e1ln\u011b pedagogick\u00e9 centrum Kr\u00e1lov\u00e9hradeck\u00e9ho kraje <strong>za \u201cPilotn\u00ed partnersk\u00fd program rozvoje kari\u00e9rov\u00e9ho vzd\u011bl\u00e1v\u00e1n\u00ed a poradenstv\u00ed na \u0161kol\u00e1ch v Kr\u00e1lov\u00e9hradeck\u00e9m kraji\u201d<\/strong>, konkr\u00e9tn\u011b za koordinaci metodick\u00e9 podpory kari\u00e9rov\u00fdch poradc\u016f ve \u0161kol\u00e1ch Kr\u00e1lov\u00e9hradeck\u00e9ho kraje.<\/p>\n<p>Odborn\u00e1 porota ocenila dva v\u00edt\u011bzn\u00e9 p\u0159\u00edsp\u011bvky hlavn\u00ed cenou a \u010dty\u0159em p\u0159\u00edsp\u011bvk\u016fm ud\u011blila zvl\u00e1\u0161tn\u00ed uzn\u00e1n\u00ed. V\u00fdsledky byly vyhl\u00e1\u0161eny 19. \u0159\u00edjna 2023 na konferenci Euroguidance s n\u00e1zvem: Na vid\u011bnou v budoucnosti.<\/p>\n<p>&nbsp;<\/p>\n<p><a href=\"https:\/\/www.poradenstvikhk.cz\/karierove\/wp-content\/uploads\/2023\/10\/IMG_2596-scaled.jpg\"><img loading=\"lazy\" decoding=\"async\" class=\"alignleft size-medium wp-image-7674\" src=\"https:\/\/www.poradenstvikhk.cz\/karierove\/wp-content\/uploads\/2023\/10\/IMG_2596-225x300.jpg\" alt=\"\" width=\"225\" height=\"300\" \/><\/a><\/p>\n<p><a href=\"https:\/\/www.poradenstvikhk.cz\/karierove\/wp-content\/uploads\/2023\/10\/IMG_2600-scaled.jpg\"><img loading=\"lazy\" decoding=\"async\" class=\"alignleft size-medium wp-image-7676\" src=\"https:\/\/www.poradenstvikhk.cz\/karierove\/wp-content\/uploads\/2023\/10\/IMG_2600-225x300.jpg\" alt=\"\" width=\"225\" height=\"300\" \/><\/a><\/p>\n<p><a href=\"https:\/\/www.poradenstvikhk.cz\/karierove\/wp-content\/uploads\/2023\/10\/CCF25102023.jpg\"><img loading=\"lazy\" decoding=\"async\" class=\"alignleft size-medium wp-image-7677\" src=\"https:\/\/www.poradenstvikhk.cz\/karierove\/wp-content\/uploads\/2023\/10\/CCF25102023-428x300.jpg\" alt=\"\" width=\"428\" height=\"300\" \/><\/a><\/p>\n","protected":false},"excerpt":{"rendered":"<p>Centrum Euroguidance, N\u00e1rodn\u00ed pedagogick\u00fd institut \u010cR, ocenilo zvl\u00e1\u0161tn\u00edm uzn\u00e1n\u00edm N\u00e1rodn\u00ed ceny kari\u00e9rov\u00e9ho poradenstv\u00ed 2023 Pedagogicko-psychologickou poradnu a Speci\u00e1ln\u011b pedagogick\u00e9 centrum Kr\u00e1lov\u00e9hradeck\u00e9ho kraje za \u201cPilotn\u00ed partnersk\u00fd program rozvoje kari\u00e9rov\u00e9ho vzd\u011bl\u00e1v\u00e1n\u00ed a poradenstv\u00ed na \u0161kol\u00e1ch v Kr\u00e1lov\u00e9hradeck\u00e9m kraji\u201d, konkr\u00e9tn\u011b za koordinaci metodick\u00e9 podpory kari\u00e9rov\u00fdch poradc\u016f ve \u0161kol\u00e1ch Kr\u00e1lov\u00e9hradeck\u00e9ho kraje. Odborn\u00e1 porota ocenila dva v\u00edt\u011bzn\u00e9 p\u0159\u00edsp\u011bvky hlavn\u00ed cenou [&hellip;]<\/p>\n","protected":false},"author":4,"featured_media":7196,"comment_status":"open","ping_status":"open","sticky":false,"template":"","format":"standard","meta":{"footnotes":""},"categories":[29],"tags":[],"class_list":["post-7670","post","type-post","status-publish","format-standard","has-post-thumbnail","hentry","category-aktuality","clearfix"],"_links":{"self":[{"href":"https:\/\/www.poradenstvikhk.cz\/karierove\/wp-json\/wp\/v2\/posts\/7670","targetHints":{"allow":["GET"]}}],"collection":[{"href":"https:\/\/www.poradenstvikhk.cz\/karierove\/wp-json\/wp\/v2\/posts"}],"about":[{"href":"https:\/\/www.poradenstvikhk.cz\/karierove\/wp-json\/wp\/v2\/types\/post"}],"author":[{"embeddable":true,"href":"https:\/\/www.poradenstvikhk.cz\/karierove\/wp-json\/wp\/v2\/users\/4"}],"replies":[{"embeddable":true,"href":"https:\/\/www.poradenstvikhk.cz\/karierove\/wp-json\/wp\/v2\/comments?post=7670"}],"version-history":[{"count":2,"href":"https:\/\/www.poradenstvikhk.cz\/karierove\/wp-json\/wp\/v2\/posts\/7670\/revisions"}],"predecessor-version":[{"id":8619,"href":"https:\/\/www.poradenstvikhk.cz\/karierove\/wp-json\/wp\/v2\/posts\/7670\/revisions\/8619"}],"wp:featuredmedia":[{"embeddable":true,"href":"https:\/\/www.poradenstvikhk.cz\/karierove\/wp-json\/wp\/v2\/media\/7196"}],"wp:attachment":[{"href":"https:\/\/www.poradenstvikhk.cz\/karierove\/wp-json\/wp\/v2\/media?parent=7670"}],"wp:term":[{"taxonomy":"category","embeddable":true,"href":"https:\/\/www.poradenstvikhk.cz\/karierove\/wp-json\/wp\/v2\/categories?post=7670"},{"taxonomy":"post_tag","embeddable":true,"href":"https:\/\/www.poradenstvikhk.cz\/karierove\/wp-json\/wp\/v2\/tags?post=7670"}],"curies":[{"name":"wp","href":"https:\/\/api.w.org\/{rel}","templated":true}]}}