{"id":9901,"date":"2025-11-13T08:45:59","date_gmt":"2025-11-13T07:45:59","guid":{"rendered":"https:\/\/www.poradenstvikhk.cz\/karierove\/?p=9901"},"modified":"2025-12-17T14:09:25","modified_gmt":"2025-12-17T13:09:25","slug":"okresni-karierni-den-ve-dvore-kralove-nad-labem","status":"publish","type":"post","link":"https:\/\/www.poradenstvikhk.cz\/karierove\/okresni-karierni-den-ve-dvore-kralove-nad-labem\/","title":{"rendered":"Okresn\u00ed kari\u00e9rn\u00ed den ve Dvo\u0159e Kr\u00e1lov\u00e9 nad Labem"},"content":{"rendered":"<p style=\"text-align: justify;\">Posledn\u00ed <strong>Okresn\u00ed kari\u00e9rn\u00ed den<\/strong> v roce 2025 prob\u011bhl na <strong>Z\u00e1kladn\u00ed \u0161kole a Praktick\u00e1 \u0161kole ve Dvo\u0159e Kr\u00e1lov\u00e9 nad Labem<\/strong>, kter\u00e1 je tak\u00e9 jednou z na\u0161ich Mentorsk\u00fdch \u0161kol kari\u00e9rov\u00e9ho vzd\u011bl\u00e1v\u00e1n\u00ed. Oproti p\u0159edchoz\u00edm okresn\u00edm kari\u00e9rn\u00edm dn\u016fm byl tento velmi specifick\u00fd s ohledem na c\u00edlovou skupinu &#8211; m\u011bli jsme v\u00fdjime\u010dnou mo\u017enost nahl\u00e9dnout pod pokli\u010dku kari\u00e9rov\u00e9ho vzd\u011bl\u00e1v\u00e1n\u00ed tak, jak je zde b\u011b\u017en\u011b realizov\u00e1no s \u017e\u00e1ky se st\u0159edn\u00edm a lehk\u00fdm ment\u00e1ln\u00edm posti\u017een\u00edm. Dnem n\u00e1s provedly v\u00fdchovn\u00e9 poradkyn\u011b \u0161koly Mgr. Ji\u0159ina Sommerov\u00e1 a Mgr. Jitka Samkov\u00e1 spolu s pan\u00ed \u0159editelkou Mgr. Janou Vojt\u011bchovou. Krom\u011b nahl\u00e9dnut\u00ed do hodin v\u011bnovan\u00fdch kari\u00e9rov\u00e9mu vzd\u011bl\u00e1v\u00e1n\u00ed jsme si prohl\u00e9dli celou \u0161kolu a m\u011bli i dostatek prostoru pro ot\u00e1zky a sd\u00edlen\u00ed zku\u0161enost\u00ed. Se\u0161li jsme se sice v men\u0161\u00edm po\u010dtu ne\u017e obvykle, nicm\u00e9n\u011b setk\u00e1n\u00ed to bylo o to intenzivn\u011bj\u0161\u00ed.<\/p>\n<p style=\"text-align: justify;\">P\u0159\u00ed\u0161t\u011b se setk\u00e1me v \u00fanoru na Gymn\u00e1ziu a St\u0159edn\u00ed \u0161kole pedagogick\u00e9 v Nov\u00e9 Pace, kde n\u00e1s p\u0159iv\u00edt\u00e1 mentorka kari\u00e9rov\u00e9ho vzd\u011bl\u00e1v\u00e1n\u00ed Mgr. \u0160\u00e1rka Hor\u00e1kov\u00e1. Podrobn\u011bj\u0161\u00ed info v\u010das zve\u0159ejn\u00edme. Moc se na V\u00e1s t\u011b\u0161\u00edme!<\/p>\n","protected":false},"excerpt":{"rendered":"<p>Posledn\u00ed Okresn\u00ed kari\u00e9rn\u00ed den v roce 2025 prob\u011bhl na Z\u00e1kladn\u00ed \u0161kole a Praktick\u00e1 \u0161kole ve Dvo\u0159e Kr\u00e1lov\u00e9 nad Labem, kter\u00e1 je tak\u00e9 jednou z na\u0161ich Mentorsk\u00fdch \u0161kol kari\u00e9rov\u00e9ho vzd\u011bl\u00e1v\u00e1n\u00ed. Oproti p\u0159edchoz\u00edm okresn\u00edm kari\u00e9rn\u00edm dn\u016fm byl tento velmi specifick\u00fd s ohledem na c\u00edlovou skupinu &#8211; m\u011bli jsme v\u00fdjime\u010dnou mo\u017enost nahl\u00e9dnout pod pokli\u010dku kari\u00e9rov\u00e9ho vzd\u011bl\u00e1v\u00e1n\u00ed tak, jak [&hellip;]<\/p>\n","protected":false},"author":2,"featured_media":9240,"comment_status":"closed","ping_status":"open","sticky":false,"template":"","format":"standard","meta":{"footnotes":""},"categories":[29,42],"tags":[],"_links":{"self":[{"href":"https:\/\/www.poradenstvikhk.cz\/karierove\/wp-json\/wp\/v2\/posts\/9901"}],"collection":[{"href":"https:\/\/www.poradenstvikhk.cz\/karierove\/wp-json\/wp\/v2\/posts"}],"about":[{"href":"https:\/\/www.poradenstvikhk.cz\/karierove\/wp-json\/wp\/v2\/types\/post"}],"author":[{"embeddable":true,"href":"https:\/\/www.poradenstvikhk.cz\/karierove\/wp-json\/wp\/v2\/users\/2"}],"replies":[{"embeddable":true,"href":"https:\/\/www.poradenstvikhk.cz\/karierove\/wp-json\/wp\/v2\/comments?post=9901"}],"version-history":[{"count":6,"href":"https:\/\/www.poradenstvikhk.cz\/karierove\/wp-json\/wp\/v2\/posts\/9901\/revisions"}],"predecessor-version":[{"id":9919,"href":"https:\/\/www.poradenstvikhk.cz\/karierove\/wp-json\/wp\/v2\/posts\/9901\/revisions\/9919"}],"wp:featuredmedia":[{"embeddable":true,"href":"https:\/\/www.poradenstvikhk.cz\/karierove\/wp-json\/wp\/v2\/media\/9240"}],"wp:attachment":[{"href":"https:\/\/www.poradenstvikhk.cz\/karierove\/wp-json\/wp\/v2\/media?parent=9901"}],"wp:term":[{"taxonomy":"category","embeddable":true,"href":"https:\/\/www.poradenstvikhk.cz\/karierove\/wp-json\/wp\/v2\/categories?post=9901"},{"taxonomy":"post_tag","embeddable":true,"href":"https:\/\/www.poradenstvikhk.cz\/karierove\/wp-json\/wp\/v2\/tags?post=9901"}],"curies":[{"name":"wp","href":"https:\/\/api.w.org\/{rel}","templated":true}]}}